{"id":4571,"date":"2026-02-15T14:00:00","date_gmt":"2026-02-15T14:00:00","guid":{"rendered":"http:\/\/bankisuli.hu\/?p=4571"},"modified":"2026-02-15T22:41:27","modified_gmt":"2026-02-15T22:41:27","slug":"egybefuggo-szakmai-gyakorlat-tajekoztato-2","status":"publish","type":"post","link":"http:\/\/bankisuli.hu\/?p=4571","title":{"rendered":"Egybef\u00fcgg\u0151 szakmai gyakorlat t\u00e1j\u00e9koztat\u00f3"},"content":{"rendered":"<h1><strong>Tisztelt Sz\u00fcl\u0151k!<\/strong><br \/>\n<strong>Tisztelt Tanul\u00f3k!<\/strong><\/h1>\n<h2>Egybef\u00fcgg\u0151 szakmai gyakorlat t\u00e1j\u00e9koztat\u00f3:<\/h2>\n<p style=\"text-align: justify;\">Az egybef\u00fcgg\u0151 szakmai gyakorlat du\u00e1lis k\u00e9pz\u0151helyen is megval\u00f3s\u00edthat\u00f3, <strong>amely du\u00e1lis k\u00e9pz\u0151hely a ter\u00fcletileg illet\u00e9kes kamar\u00e1n\u00e1l nyilv\u00e1ntart\u00e1sba van v\u00e9ve az adott szakm\u00e1ra<\/strong>. <strong>Du\u00e1lis k\u00e9pz\u0151hely szakk\u00e9pz\u00e9si munkaszerz\u0151d\u00e9s keret\u00e9ben foglalkoztathatja a tanul\u00f3kat.<\/strong> Szakk\u00e9pz\u00e9si munkaszerz\u0151d\u00e9s a szakir\u00e1ny\u00fa oktat\u00e1sra k\u00f6thet\u0151 a tanulm\u00e1nyok v\u00e9g\u00e9ig, illetve \u00e9vente egy alkalommal, legal\u00e1bb 2 \u00e9s legfeljebb 12 h\u00e9t egybef\u00fcgg\u0151 id\u0151szakra. <strong>A szakir\u00e1ny\u00fa oktat\u00e1s du\u00e1lis k\u00e9pz\u0151helyen t\u00f6rt\u00e9n\u0151 teljes\u00edt\u00e9s\u00e9re a du\u00e1lis k\u00e9pz\u0151hely \u00e9s az iskola k\u00e9pz\u00e9si programot k\u00e9sz\u00edt.<\/strong> Az egybef\u00fcgg\u0151 szakmai gyakorlatokra 3-4 h\u00e9tre kell szakk\u00e9pz\u00e9si munkaszerz\u0151d\u00e9st k\u00f6tni a tanul\u00f3kkal. A munkaid\u0151 a napi 8 \u00f3r\u00e1t nem haladhatja meg \u00e9s fiatal kor\u00fa (18 \u00e9v alatti) eset\u00e9ben a napi 7 \u00f3r\u00e1t nem haladhatja meg. A szakir\u00e1ny\u00fa oktat\u00e1s megszervez\u00e9s\u00e9re 6 \u2013 22 \u00f3ra k\u00f6z\u00f6tt ker\u00fclhet sor. A 4,5 \u00f3r\u00e1n\u00e1l hosszabb napi szakir\u00e1ny\u00fa oktat\u00e1si id\u0151 eset\u00e9n legal\u00e1bb 30 perc, a 6 \u00f3r\u00e1n\u00e1l hosszabb napi szakir\u00e1ny\u00fa oktat\u00e1si id\u0151 eset\u00e9n legal\u00e1bb 45 perc megszak\u00edt\u00e1s n\u00e9lk\u00fcli sz\u00fcnetet kell biztos\u00edtani a napi szakir\u00e1ny\u00fa oktat\u00e1si id\u0151n bel\u00fcl. A p\u00e9nz\u00fcgyi \u00e9s egy\u00e9b juttat\u00e1sokr\u00f3l a ter\u00fcletileg illet\u00e9kes kamara tud b\u0151vebb felvil\u00e1gos\u00edt\u00e1st ny\u00fajtani (DKIK).<\/p>\n<p>Az egybef\u00fcgg\u0151 szakmai gyakorlatot j\u00fanius 16-t\u00f3l a tan\u00edt\u00e1si id\u0151 befejezt\u00e9vel lehet megkezdeni \u00e9s ahogy a nev\u00e9ben is van egybef\u00fcgg\u0151nek kell lennie \u00e9s augusztus v\u00e9g\u00e9ig teljes\u00fclnie kell.<\/p>\n<h3>A k\u00f6vetkez\u0151 szakm\u00e1kban kell egybef\u00fcgg\u0151 szakmai gyakorlatot teljes\u00edteni:<\/h3>\n<ul>\n<li style=\"list-style-type: none;\">\n<ul>\n<li style=\"list-style-type: none;\">\n<ul>\n<li style=\"list-style-type: none;\">\n<ul>\n<li style=\"list-style-type: none;\">\n<ul>\n<li style=\"text-align: left;\">G\u00e9p\u00e9sztechnikus CAD-CAM szakmair\u00e1ny (140 \u00f3ra 11. \u00e9s 12. \u00e9vfolyamokon)<\/li>\n<li style=\"text-align: left;\">G\u00e9p\u00e9sztechnikus Ipar szakmair\u00e1ny (140 \u00f3ra 11. \u00e9s 12. \u00e9vfolyamokon)<\/li>\n<li style=\"text-align: left;\">G\u00e9p\u00e9sztechnikus Vegyipar szakmair\u00e1ny (140 \u00f3ra 11. \u00e9s 12. \u00e9vfolyamokon)<\/li>\n<li style=\"text-align: left;\">G\u00e9pgy\u00e1rt\u00e1s-technol\u00f3giai technikus (140 \u00f3ra 11. \u00e9s 12. \u00e9vfolyamokon)<\/li>\n<li style=\"text-align: left;\">Vas\u00fatij\u00e1rm\u0171-szerel\u0151 technikus (140 \u00f3ra 11. \u00e9s 12. \u00e9vfolyamon)<\/li>\n<li style=\"text-align: left;\">Ipari informatikai technikus (105 \u00f3ra 11. \u00e9vfolyamon, 120 \u00f3ra 12. \u00e9vfolyamon)<\/li>\n<\/ul>\n<\/li>\n<\/ul>\n<\/li>\n<\/ul>\n<\/li>\n<\/ul>\n<\/li>\n<\/ul>\n<h3>A 2025-2026-os tan\u00e9vben a k\u00f6vetkez\u0151 tanul\u00f3kat \u00e9rinti:<\/h3>\n<ul>\n<li style=\"list-style-type: none;\">\n<ul>\n<li style=\"list-style-type: none;\">\n<ul>\n<li style=\"list-style-type: none;\">\n<ul>\n<li style=\"list-style-type: none;\">\n<ul>\n<li>11.A oszt\u00e1ly G\u00e9pgy\u00e1rt\u00e1s-technol\u00f3giai technikus tanul\u00f3kat<\/li>\n<li>11.A oszt\u00e1ly G\u00e9p\u00e9sztechnikus Vegyipar szakmair\u00e1nyon tanul\u00f3kat (MOL-n\u00e1l)<\/li>\n<li>11.D oszt\u00e1ly g\u00e9pgy\u00e1rt\u00e1stechnol\u00f3giai technikus tanul\u00f3kat<\/li>\n<li>12.A oszt\u00e1ly G\u00e9p\u00e9sztechnikus Ipar szakmair\u00e1nyon tanul\u00f3kat<\/li>\n<li>12.A oszt\u00e1ly Vas\u00fatij\u00e1rm\u0171-szerel\u0151 technikus tanul\u00f3kat (M\u00c1V-n\u00e1l)<\/li>\n<li>12.B oszt\u00e1ly G\u00e9p\u00e9sztechnikus Vegyipar szakmair\u00e1nyon tanul\u00f3kat (MOL-n\u00e1l)<\/li>\n<li>12.D oszt\u00e1ly G\u00e9pgy\u00e1rt\u00e1s-technol\u00f3giai technikus tanul\u00f3kat (MOL-n\u00e1l)<\/li>\n<\/ul>\n<\/li>\n<\/ul>\n<\/li>\n<\/ul>\n<\/li>\n<\/ul>\n<\/li>\n<\/ul>\n<p style=\"text-align: justify;\"><mark><strong>Az egybef\u00fcgg\u0151 szakmai gyakorlatokat 2026. j\u00fanius 16. \u00e9s j\u00falius 25. k\u00f6z\u00f6tt szervezz\u00fck meg az iskolai gyakorlatok eset\u00e9ben. A MOL 2026. j\u00fanius 16. \u00e9s j\u00falius 31. k\u00f6z\u00f6tt tervezi megszervezni. K\u00e9rj\u00fck, hogy 2025. j\u00falius 25-ig, illetve j\u00falius 31-ig ne tervezzenek nyaral\u00e1st az egybef\u00fcgg\u0151 szakmai gyakorlatot \u00e9rintett tanul\u00f3k r\u00e9sz\u00e9re. Amennyiben az egybef\u00fcgg\u0151 szakmai gyakorlatr\u00f3l a hi\u00e1nyz\u00e1s (igazolt \u00e9s igazolatlan egy\u00fcttesen) meghaladja az \u00f6sszes \u00f3rasz\u00e1m 20 sz\u00e1zal\u00e9k\u00e1t, akkor a tanul\u00f3nak a tan\u00e9vet meg kell ism\u00e9telnie.<\/strong><\/mark><\/p>\n<p><strong>Az egybef\u00fcgg\u0151 szakmai gyakorlat tartalm\u00e1t az al\u00e1bbi mell\u00e9kletek tartalmazz\u00e1k:<\/strong><\/p>\n<p style=\"text-align: center;\"><a href=\"http:\/\/bankisuli.hu\/wp-content\/uploads\/2024\/02\/ESZGY_Gepeszet_Gepesztechnikus-CADCAM-szakmairany_11_2020.pdf\">ESZGY_G\u00e9p\u00e9szet_G\u00e9p\u00e9sztechnikus-CADCAM-szakmair\u00e1ny_11_2020.pdf<\/a><\/p>\n<p style=\"text-align: center;\"><a href=\"http:\/\/bankisuli.hu\/wp-content\/uploads\/2024\/02\/ESZGY_Gepeszet_Gepgyartas-technologiai-technikus_11_2020.pdf\">ESZGY_G\u00e9p\u00e9szet_G\u00e9pgy\u00e1rt\u00e1s-technol\u00f3giai technikus_11_2020.pdf<\/a><\/p>\n<p style=\"text-align: center;\"><a href=\"http:\/\/bankisuli.hu\/wp-content\/uploads\/2024\/02\/ESZGY_Elektronika_Ipari-informatikai-technikus_11_2020.pdf\">ESZGY_Elektronika_Ipari informatikai technikus_11_2020.pdf<\/a><\/p>\n<p style=\"text-align: center;\"><a href=\"http:\/\/bankisuli.hu\/wp-content\/uploads\/2024\/02\/ESZGY_Gepeszet_Gepesztechnikus-CADCAM-szakmairany_12_2020.pdf\">ESZGY_G\u00e9p\u00e9szet_G\u00e9p\u00e9sztechnikus-CADCAM-szakmair\u00e1ny_12_2020.pdf<\/a><\/p>\n<p style=\"text-align: center;\"><a href=\"http:\/\/bankisuli.hu\/wp-content\/uploads\/2024\/02\/ESZGY_Gepeszet_Gepgyartas-technologiai-technikus_12_2020.pdf\">ESZGY_G\u00e9p\u00e9szet_G\u00e9pgy\u00e1rt\u00e1s-technol\u00f3giai technikus_12_2020.pdf<\/a><\/p>\n<p style=\"text-align: center;\"><a href=\"http:\/\/bankisuli.hu\/wp-content\/uploads\/2024\/02\/ESZGY_Elektronika_Ipari-informatikai-technikus_12_2020.pdf\">ESZGY_Elektronika_Ipari informatikai technikus_12_2020.pdf<\/a><\/p>\n","protected":false},"excerpt":{"rendered":"<p>Tisztelt Sz\u00fcl\u0151k! Tisztelt Tanul\u00f3k! Egybef\u00fcgg\u0151 szakmai gyakorlat t\u00e1j\u00e9koztat\u00f3: Az egybef\u00fcgg\u0151 szakmai gyakorlat du\u00e1lis k\u00e9pz\u0151helyen is megval\u00f3s\u00edthat\u00f3, amely du\u00e1lis k\u00e9pz\u0151hely a ter\u00fcletileg illet\u00e9kes kamar\u00e1n\u00e1l nyilv\u00e1ntart\u00e1sba van v\u00e9ve az adott szakm\u00e1ra. Du\u00e1lis k\u00e9pz\u0151hely szakk\u00e9pz\u00e9si munkaszerz\u0151d\u00e9s keret\u00e9ben foglalkoztathatja a tanul\u00f3kat. Szakk\u00e9pz\u00e9si munkaszerz\u0151d\u00e9s a <a href=\"http:\/\/bankisuli.hu\/?p=4571\" class=\"read-more\">Tov\u00e1bb &#8230;<\/a><\/p>\n","protected":false},"author":5,"featured_media":0,"comment_status":"closed","ping_status":"closed","sticky":false,"template":"","format":"standard","meta":{"ngg_post_thumbnail":0,"footnotes":""},"categories":[6,2],"tags":[],"class_list":["post-4571","post","type-post","status-publish","format-standard","hentry","category-esemeny","category-iskola"],"_links":{"self":[{"href":"http:\/\/bankisuli.hu\/index.php?rest_route=\/wp\/v2\/posts\/4571","targetHints":{"allow":["GET"]}}],"collection":[{"href":"http:\/\/bankisuli.hu\/index.php?rest_route=\/wp\/v2\/posts"}],"about":[{"href":"http:\/\/bankisuli.hu\/index.php?rest_route=\/wp\/v2\/types\/post"}],"author":[{"embeddable":true,"href":"http:\/\/bankisuli.hu\/index.php?rest_route=\/wp\/v2\/users\/5"}],"replies":[{"embeddable":true,"href":"http:\/\/bankisuli.hu\/index.php?rest_route=%2Fwp%2Fv2%2Fcomments&post=4571"}],"version-history":[{"count":8,"href":"http:\/\/bankisuli.hu\/index.php?rest_route=\/wp\/v2\/posts\/4571\/revisions"}],"predecessor-version":[{"id":9288,"href":"http:\/\/bankisuli.hu\/index.php?rest_route=\/wp\/v2\/posts\/4571\/revisions\/9288"}],"wp:attachment":[{"href":"http:\/\/bankisuli.hu\/index.php?rest_route=%2Fwp%2Fv2%2Fmedia&parent=4571"}],"wp:term":[{"taxonomy":"category","embeddable":true,"href":"http:\/\/bankisuli.hu\/index.php?rest_route=%2Fwp%2Fv2%2Fcategories&post=4571"},{"taxonomy":"post_tag","embeddable":true,"href":"http:\/\/bankisuli.hu\/index.php?rest_route=%2Fwp%2Fv2%2Ftags&post=4571"}],"curies":[{"name":"wp","href":"https:\/\/api.w.org\/{rel}","templated":true}]}}