{"id":6946,"date":"2025-04-08T15:55:11","date_gmt":"2025-04-08T15:55:11","guid":{"rendered":"https:\/\/bankisuli.hu\/?p=6946"},"modified":"2025-04-08T15:55:11","modified_gmt":"2025-04-08T15:55:11","slug":"a-viz-utja-fotopalyazat","status":"publish","type":"post","link":"http:\/\/bankisuli.hu\/?p=6946","title":{"rendered":"A v\u00edz \u00fatja fot\u00f3p\u00e1ly\u00e1zat"},"content":{"rendered":"<div class=\"html-div xdj266r x11i5rnm xat24cr x1mh8g0r xexx8yu x4uap5 x18d9i69 xkhd6sd\" dir=\"auto\">\n<div class=\"html-div xdj266r x11i5rnm xat24cr x1mh8g0r xexx8yu x4uap5 x18d9i69 xkhd6sd\" data-ad-rendering-role=\"story_message\">\n<div id=\"\u00abreo\u00bb\" class=\"x1l90r2v x1iorvi4 x1ye3gou xn6708d\" data-ad-comet-preview=\"message\" data-ad-preview=\"message\">\n<div class=\"x78zum5 xdt5ytf xz62fqu x16ldp7u\">\n<div class=\"xu06os2 x1ok221b\">\n<div class=\"xdj266r x11i5rnm xat24cr x1mh8g0r x1vvkbs x126k92a\">\n<div dir=\"auto\" style=\"text-align: justify;\">A Duna\u00fajv\u00e1rosi SZC Szabolcs Vez\u00e9rt Technikum fot\u00f3p\u00e1ly\u00e1zatot hirdetett A v\u00edz \u00fatja c\u00edmmel, amire iskol\u00e1nk tanul\u00f3i is neveztek Salamon Attila tan\u00e1r \u00far vezet\u00e9s\u00e9vel, s a mai eredm\u00e9nyhirdet\u00e9sen megtudtuk, hogy a rangos III. helyezett Boros Zal\u00e1n 10.a oszt\u00e1lyos di\u00e1kunk, akinek a fot\u00f3j\u00e1t itt l\u00e1thatj\u00e1tok a felv\u00e9telek k\u00f6z\u00f6tt, s a ki\u00e1ll\u00edtott k\u00e9pek k\u00f6z\u00e9 bev\u00e1lasztott\u00e1k Piricsi Bal\u00e1zs 9.b oszt\u00e1lyos tanul\u00f3nk alkot\u00e1s\u00e1t is.<\/div>\n<\/div>\n<div class=\"x11i5rnm xat24cr x1mh8g0r x1vvkbs xtlvy1s x126k92a\">\n<div dir=\"auto\" style=\"text-align: justify;\">Mindk\u00e9t versenyz\u0151nek szeretettel gratul\u00e1lunk!<\/div>\n<div dir=\"auto\">ngg_shortcode_0_placeholder<\/div>\n<\/div>\n<\/div>\n<\/div>\n<\/div>\n<\/div>\n<\/div>\n","protected":false},"excerpt":{"rendered":"<p>A Duna\u00fajv\u00e1rosi SZC Szabolcs Vez\u00e9rt Technikum fot\u00f3p\u00e1ly\u00e1zatot hirdetett A v\u00edz \u00fatja c\u00edmmel, amire iskol\u00e1nk tanul\u00f3i is neveztek Salamon Attila tan\u00e1r \u00far vezet\u00e9s\u00e9vel, s a mai eredm\u00e9nyhirdet\u00e9sen megtudtuk, hogy a rangos III. helyezett Boros Zal\u00e1n 10.a oszt\u00e1lyos di\u00e1kunk, akinek a fot\u00f3j\u00e1t <a href=\"http:\/\/bankisuli.hu\/?p=6946\" class=\"read-more\">Tov\u00e1bb &#8230;<\/a><\/p>\n","protected":false},"author":5,"featured_media":0,"comment_status":"closed","ping_status":"closed","sticky":false,"template":"","format":"standard","meta":{"ngg_post_thumbnail":0,"footnotes":""},"categories":[2],"tags":[],"class_list":["post-6946","post","type-post","status-publish","format-standard","hentry","category-iskola"],"_links":{"self":[{"href":"http:\/\/bankisuli.hu\/index.php?rest_route=\/wp\/v2\/posts\/6946","targetHints":{"allow":["GET"]}}],"collection":[{"href":"http:\/\/bankisuli.hu\/index.php?rest_route=\/wp\/v2\/posts"}],"about":[{"href":"http:\/\/bankisuli.hu\/index.php?rest_route=\/wp\/v2\/types\/post"}],"author":[{"embeddable":true,"href":"http:\/\/bankisuli.hu\/index.php?rest_route=\/wp\/v2\/users\/5"}],"replies":[{"embeddable":true,"href":"http:\/\/bankisuli.hu\/index.php?rest_route=%2Fwp%2Fv2%2Fcomments&post=6946"}],"version-history":[{"count":2,"href":"http:\/\/bankisuli.hu\/index.php?rest_route=\/wp\/v2\/posts\/6946\/revisions"}],"predecessor-version":[{"id":6956,"href":"http:\/\/bankisuli.hu\/index.php?rest_route=\/wp\/v2\/posts\/6946\/revisions\/6956"}],"wp:attachment":[{"href":"http:\/\/bankisuli.hu\/index.php?rest_route=%2Fwp%2Fv2%2Fmedia&parent=6946"}],"wp:term":[{"taxonomy":"category","embeddable":true,"href":"http:\/\/bankisuli.hu\/index.php?rest_route=%2Fwp%2Fv2%2Fcategories&post=6946"},{"taxonomy":"post_tag","embeddable":true,"href":"http:\/\/bankisuli.hu\/index.php?rest_route=%2Fwp%2Fv2%2Ftags&post=6946"}],"curies":[{"name":"wp","href":"https:\/\/api.w.org\/{rel}","templated":true}]}}