{"id":8875,"date":"2025-12-05T10:19:52","date_gmt":"2025-12-05T10:19:52","guid":{"rendered":"https:\/\/bankisuli.hu\/?p=8875"},"modified":"2025-12-05T10:19:52","modified_gmt":"2025-12-05T10:19:52","slug":"angol-nyelvi-verseny-iskolankban","status":"publish","type":"post","link":"http:\/\/bankisuli.hu\/?p=8875","title":{"rendered":"Angol nyelvi verseny iskol\u00e1nkban"},"content":{"rendered":"<div dir=\"auto\" style=\"text-align: justify;\">November 27-\u00e9n a B\u00e1nki Technikum \u00f6r\u00f6mmel adott otthont a hagyom\u00e1nyos, tematikus \u201eBEnglish\u201d versenynek, amelyet \u00e1ltal\u00e1nos iskol\u00e1k sz\u00e1m\u00e1ra szervez\u00fcnk. Id\u00e9n csapatokat k\u00f6sz\u00f6nthett\u00fcnk az Arany J\u00e1nos \u00c1ltal\u00e1nos Iskol\u00e1b\u00f3l, a D\u00f3zsa Gy\u00f6rgy \u00c1ltal\u00e1nos Iskol\u00e1b\u00f3l, a Vasv\u00e1ri P\u00e1l \u00c1ltal\u00e1nos Iskol\u00e1b\u00f3l, a Pannon Oktat\u00e1si K\u00f6zpontb\u00f3l, a Sz\u00e9chenyi Istv\u00e1n Gimn\u00e1ziumb\u00f3l, a Szab\u00f3 Magda \u00c1ltal\u00e1nos Iskol\u00e1b\u00f3l, a Szent Pantaleim\u00f3n \u00c1ltal\u00e1nos Iskol\u00e1b\u00f3l \u00e9s a Pet\u0151fi S\u00e1ndor \u00c1ltal\u00e1nos Iskol\u00e1b\u00f3l.<\/div>\n<div dir=\"auto\" style=\"text-align: justify;\">Az idei verseny t\u00e9m\u00e1ja a \u201eBactive\u201d volt, amelyet annak alkalm\u00e1b\u00f3l v\u00e1lasztottunk, hogy a B\u00e1nki a 2025\/26-os tan\u00e9vben elnyerte az \u201eAkt\u00edv Iskola\u201d c\u00edmet.<\/div>\n<div dir=\"auto\" style=\"text-align: justify;\">A n\u00e9gyf\u0151s csapatok nyolc \u00e1llom\u00e1st kerestek fel az iskola k\u00fcl\u00f6nb\u00f6z\u0151 pontjain, ahol tematikus feladatokat kellett teljes\u00edteni\u00fck. A kih\u00edv\u00e1sok k\u00f6z\u00f6tt szerepelt p\u00e9ld\u00e1ul egy t\u00e1ncos feladat, mem\u00f3riafejleszt\u0151 tev\u00e9kenys\u00e9gek, valamint tan\u00e1csad\u00e1s egy \u201ekanap\u00e9husz\u00e1rnak\u201d arr\u00f3l, hogyan v\u00e1lhat akt\u00edvabb\u00e1. Minden feladat\u00e9rt pontokat kaptak, \u00e9s a legt\u00f6bb pontot gy\u0171jt\u0151 iskola lett a verseny gy\u0151ztese.<\/div>\n<div dir=\"auto\" style=\"text-align: justify;\">A B\u00e1nki Technikum Nyelvi Munkak\u00f6z\u00f6ss\u00e9ge nev\u00e9ben szeretn\u00e9nk kifejezni h\u00e1l\u00e1nkat minden r\u00e9sztvev\u0151 di\u00e1knak \u00e9s pedag\u00f3gusnak. K\u00f6sz\u00f6nj\u00fck a lelkes r\u00e9szv\u00e9telt, \u00e9s rem\u00e9lj\u00fck, j\u00f6v\u0151re \u00fajra tal\u00e1lkozunk!&nbsp;<\/div>\n<h3 dir=\"auto\">&nbsp;<\/h3>\n<h3 dir=\"auto\">A versenyen a k\u00f6vetkez\u0151 helyez\u00e9sek sz\u00fclettek:<\/h3>\n<div dir=\"auto\" style=\"text-align: center;\"><strong>1.helyez\u00e9s<\/strong> D\u00f3zsa Gy\u00f6rgy \u00c1ltal\u00e1nos Iskola<\/div>\n<div dir=\"auto\" style=\"text-align: center;\">(Kiss Lili Sz\u00f3fia, Ihasz Vir\u00e1g, Hal\u00e1sz\u2013Nagy Zsombor, Lenhardt Kriszti\u00e1n. Felk\u00e9sz\u00edt\u0151 tan\u00e1r: Tisza T\u00edmea)<\/div>\n<div dir=\"auto\" style=\"text-align: center;\"><strong>2.helyez\u00e9s<\/strong> Pet\u0151fi S\u00e1ndor \u00c1ltal\u00e1nos Iskola<\/div>\n<div dir=\"auto\" style=\"text-align: center;\">(Szenczy Lyza, \u0150si Csenge Borika, Sz\u0171cs D\u00e1vid B\u00e1lint, Vainel Vince. Felk\u00e9sz\u00edt\u0151 tan\u00e1r: Hekkeln\u00e9 Imre Gy\u00f6rgyi)<\/div>\n<div dir=\"auto\" style=\"text-align: center;\"><strong>3. helyez\u00e9s<\/strong> Sz\u00e9chenyi Istv\u00e1n Gimn\u00e1zium<\/div>\n<div dir=\"auto\" style=\"text-align: center;\">(Farkas B\u00e1lint, Boros Dorka, Fodor Istv\u00e1n, Katona Bence. Felk\u00e9sz\u00edt\u0151 tan\u00e1r: Fenyvesin\u00e9 Dr. Proh\u00e1szka Erzs\u00e9bet)<\/div>\n<div dir=\"auto\">&nbsp;<\/div>\n<div dir=\"auto\">ngg_shortcode_0_placeholder<\/div>\n","protected":false},"excerpt":{"rendered":"<p>November 27-\u00e9n a B\u00e1nki Technikum \u00f6r\u00f6mmel adott otthont a hagyom\u00e1nyos, tematikus \u201eBEnglish\u201d versenynek, amelyet \u00e1ltal\u00e1nos iskol\u00e1k sz\u00e1m\u00e1ra szervez\u00fcnk. Id\u00e9n csapatokat k\u00f6sz\u00f6nthett\u00fcnk az Arany J\u00e1nos \u00c1ltal\u00e1nos Iskol\u00e1b\u00f3l, a D\u00f3zsa Gy\u00f6rgy \u00c1ltal\u00e1nos Iskol\u00e1b\u00f3l, a Vasv\u00e1ri P\u00e1l \u00c1ltal\u00e1nos Iskol\u00e1b\u00f3l, a Pannon Oktat\u00e1si K\u00f6zpontb\u00f3l, <a href=\"http:\/\/bankisuli.hu\/?p=8875\" class=\"read-more\">Tov\u00e1bb &#8230;<\/a><\/p>\n","protected":false},"author":5,"featured_media":0,"comment_status":"closed","ping_status":"closed","sticky":false,"template":"","format":"standard","meta":{"ngg_post_thumbnail":0,"footnotes":""},"categories":[6,2],"tags":[],"class_list":["post-8875","post","type-post","status-publish","format-standard","hentry","category-esemeny","category-iskola"],"_links":{"self":[{"href":"http:\/\/bankisuli.hu\/index.php?rest_route=\/wp\/v2\/posts\/8875","targetHints":{"allow":["GET"]}}],"collection":[{"href":"http:\/\/bankisuli.hu\/index.php?rest_route=\/wp\/v2\/posts"}],"about":[{"href":"http:\/\/bankisuli.hu\/index.php?rest_route=\/wp\/v2\/types\/post"}],"author":[{"embeddable":true,"href":"http:\/\/bankisuli.hu\/index.php?rest_route=\/wp\/v2\/users\/5"}],"replies":[{"embeddable":true,"href":"http:\/\/bankisuli.hu\/index.php?rest_route=%2Fwp%2Fv2%2Fcomments&post=8875"}],"version-history":[{"count":6,"href":"http:\/\/bankisuli.hu\/index.php?rest_route=\/wp\/v2\/posts\/8875\/revisions"}],"predecessor-version":[{"id":8886,"href":"http:\/\/bankisuli.hu\/index.php?rest_route=\/wp\/v2\/posts\/8875\/revisions\/8886"}],"wp:attachment":[{"href":"http:\/\/bankisuli.hu\/index.php?rest_route=%2Fwp%2Fv2%2Fmedia&parent=8875"}],"wp:term":[{"taxonomy":"category","embeddable":true,"href":"http:\/\/bankisuli.hu\/index.php?rest_route=%2Fwp%2Fv2%2Fcategories&post=8875"},{"taxonomy":"post_tag","embeddable":true,"href":"http:\/\/bankisuli.hu\/index.php?rest_route=%2Fwp%2Fv2%2Ftags&post=8875"}],"curies":[{"name":"wp","href":"https:\/\/api.w.org\/{rel}","templated":true}]}}